{"id":877,"date":"2017-04-07T18:20:43","date_gmt":"2017-04-07T17:20:43","guid":{"rendered":"http:\/\/josephminster.com\/site\/?p=877"},"modified":"2018-09-06T16:03:33","modified_gmt":"2018-09-06T15:03:33","slug":"lami-denfance-projete-cinema-etoile-lilas-jeudi-27-avril-a-20h00","status":"publish","type":"post","link":"https:\/\/josephminster.com\/site\/lami-denfance-projete-cinema-etoile-lilas-jeudi-27-avril-a-20h00\/","title":{"rendered":"\u00ab\u00a0L&rsquo;Ami d&rsquo;enfance\u00a0\u00bb projet\u00e9 au cin\u00e9ma \u00c9toile Lilas le jeudi 27 avril"},"content":{"rendered":"<p style=\"text-align: justify;\"><a href=\"https:\/\/josephminster.com\/site\/lami-denfance\/\"><em>L&rsquo;Ami d&rsquo;enfance<\/em><\/a> sera projet\u00e9 pour la premi\u00e8re fois au cin\u00e9ma \u00c9toile Lilas, Jeudi 27 avril 2017 \u00e0 20h00 (Place Maquis du Vercors, 75020 Paris).<\/p>\n<p style=\"text-align: justify;\">La projection de ce film sera accompagn\u00e9e de celle d&rsquo;un autre court-m\u00e9trage, <em>Grain de poussi\u00e8re<\/em>, de L\u00e9opold Kraus, puis d&rsquo;un cocktail. R\u00e9servation obligatoire <a href=\"https:\/\/docs.google.com\/forms\/d\/e\/1FAIpQLScJMMnFSXMhKDUtHgGAyF_ND_aXbPgMgn5jihE9iYvxkTjKlg\/viewform?c=0&amp;w=1\">ici<\/a>.<\/p>","protected":false},"excerpt":{"rendered":"<p>L&rsquo;Ami d&rsquo;enfance sera projet\u00e9 pour la premi\u00e8re fois au cin\u00e9ma \u00c9toile Lilas, Jeudi 27 avril 2017 \u00e0 20h00 (Place Maquis du Vercors, 75020 Paris). La projection de ce film sera accompagn\u00e9e de celle d&rsquo;un autre court-m\u00e9trage, Grain de poussi\u00e8re, de L\u00e9opold Kraus, puis d&rsquo;un cocktail. R\u00e9servation obligatoire ici.<\/p>","protected":false},"author":1,"featured_media":880,"comment_status":"closed","ping_status":"open","sticky":false,"template":"","format":"standard","meta":{"_jetpack_memberships_contains_paid_content":false,"footnotes":"","jetpack_publicize_message":"","jetpack_publicize_feature_enabled":true,"jetpack_social_post_already_shared":true,"jetpack_social_options":{"image_generator_settings":{"template":"highway","default_image_id":0,"font":"","enabled":false},"version":2}},"categories":[3],"tags":[],"class_list":["post-877","post","type-post","status-publish","format-standard","has-post-thumbnail","hentry","category-actualite"],"yoast_head":"<!-- This site is optimized with the Yoast SEO plugin v27.5 - https:\/\/yoast.com\/product\/yoast-seo-wordpress\/ -->\n<title>&quot;L&#039;Ami d&#039;enfance&quot; projet\u00e9 au cin\u00e9ma \u00c9toile Lilas le jeudi 27 avril - Joseph Minster<\/title>\n<meta name=\"robots\" content=\"index, follow, max-snippet:-1, max-image-preview:large, max-video-preview:-1\" \/>\n<link rel=\"canonical\" href=\"https:\/\/josephminster.com\/site\/lami-denfance-projete-cinema-etoile-lilas-jeudi-27-avril-a-20h00\/\" \/>\n<meta property=\"og:locale\" content=\"fr_FR\" \/>\n<meta property=\"og:type\" content=\"article\" \/>\n<meta property=\"og:title\" content=\"&quot;L&#039;Ami d&#039;enfance&quot; projet\u00e9 au cin\u00e9ma \u00c9toile Lilas le jeudi 27 avril - Joseph Minster\" \/>\n<meta property=\"og:description\" content=\"L&rsquo;Ami d&rsquo;enfance sera projet\u00e9 pour la premi\u00e8re fois au cin\u00e9ma \u00c9toile Lilas, Jeudi 27 avril 2017 \u00e0 20h00 (Place Maquis du Vercors, 75020 Paris). La projection de ce film sera accompagn\u00e9e de celle d&rsquo;un autre court-m\u00e9trage, Grain de poussi\u00e8re, de L\u00e9opold Kraus, puis d&rsquo;un cocktail. R\u00e9servation obligatoire ici.\" \/>\n<meta property=\"og:url\" content=\"https:\/\/josephminster.com\/site\/lami-denfance-projete-cinema-etoile-lilas-jeudi-27-avril-a-20h00\/\" \/>\n<meta property=\"og:site_name\" content=\"Joseph Minster\" \/>\n<meta property=\"article:published_time\" content=\"2017-04-07T17:20:43+00:00\" \/>\n<meta property=\"article:modified_time\" content=\"2018-09-06T15:03:33+00:00\" \/>\n<meta property=\"og:image\" content=\"https:\/\/i1.wp.com\/josephminster.com\/site\/wp-content\/uploads\/2017\/04\/Bandeau-Lami-denfance.jpg?fit=1408%2C713&ssl=1\" \/>\n\t<meta property=\"og:image:width\" content=\"1408\" \/>\n\t<meta property=\"og:image:height\" content=\"713\" \/>\n\t<meta property=\"og:image:type\" content=\"image\/jpeg\" \/>\n<meta name=\"author\" content=\"Joseph Minster\" \/>\n<meta name=\"twitter:card\" content=\"summary_large_image\" \/>\n<meta name=\"twitter:label1\" content=\"\u00c9crit par\" \/>\n\t<meta name=\"twitter:data1\" content=\"Joseph Minster\" \/>\n<script type=\"application\/ld+json\" class=\"yoast-schema-graph\">{\"@context\":\"https:\\\/\\\/schema.org\",\"@graph\":[{\"@type\":\"Article\",\"@id\":\"https:\\\/\\\/josephminster.com\\\/site\\\/lami-denfance-projete-cinema-etoile-lilas-jeudi-27-avril-a-20h00\\\/#article\",\"isPartOf\":{\"@id\":\"https:\\\/\\\/josephminster.com\\\/site\\\/lami-denfance-projete-cinema-etoile-lilas-jeudi-27-avril-a-20h00\\\/\"},\"author\":{\"name\":\"Joseph Minster\",\"@id\":\"https:\\\/\\\/josephminster.com\\\/site\\\/#\\\/schema\\\/person\\\/973155dfa27d618c990ef6dfdc3705c9\"},\"headline\":\"\u00ab\u00a0L&rsquo;Ami d&rsquo;enfance\u00a0\u00bb projet\u00e9 au cin\u00e9ma \u00c9toile Lilas le jeudi 27 avril\",\"datePublished\":\"2017-04-07T17:20:43+00:00\",\"dateModified\":\"2018-09-06T15:03:33+00:00\",\"mainEntityOfPage\":{\"@id\":\"https:\\\/\\\/josephminster.com\\\/site\\\/lami-denfance-projete-cinema-etoile-lilas-jeudi-27-avril-a-20h00\\\/\"},\"wordCount\":62,\"publisher\":{\"@id\":\"https:\\\/\\\/josephminster.com\\\/site\\\/#\\\/schema\\\/person\\\/973155dfa27d618c990ef6dfdc3705c9\"},\"image\":{\"@id\":\"https:\\\/\\\/josephminster.com\\\/site\\\/lami-denfance-projete-cinema-etoile-lilas-jeudi-27-avril-a-20h00\\\/#primaryimage\"},\"thumbnailUrl\":\"https:\\\/\\\/i0.wp.com\\\/josephminster.com\\\/site\\\/wp-content\\\/uploads\\\/2017\\\/04\\\/Bandeau-Lami-denfance.jpg?fit=1408%2C713&ssl=1\",\"articleSection\":[\"Nouvelles\"],\"inLanguage\":\"fr-FR\"},{\"@type\":\"WebPage\",\"@id\":\"https:\\\/\\\/josephminster.com\\\/site\\\/lami-denfance-projete-cinema-etoile-lilas-jeudi-27-avril-a-20h00\\\/\",\"url\":\"https:\\\/\\\/josephminster.com\\\/site\\\/lami-denfance-projete-cinema-etoile-lilas-jeudi-27-avril-a-20h00\\\/\",\"name\":\"\\\"L'Ami d'enfance\\\" projet\u00e9 au cin\u00e9ma \u00c9toile Lilas le jeudi 27 avril - Joseph Minster\",\"isPartOf\":{\"@id\":\"https:\\\/\\\/josephminster.com\\\/site\\\/#website\"},\"primaryImageOfPage\":{\"@id\":\"https:\\\/\\\/josephminster.com\\\/site\\\/lami-denfance-projete-cinema-etoile-lilas-jeudi-27-avril-a-20h00\\\/#primaryimage\"},\"image\":{\"@id\":\"https:\\\/\\\/josephminster.com\\\/site\\\/lami-denfance-projete-cinema-etoile-lilas-jeudi-27-avril-a-20h00\\\/#primaryimage\"},\"thumbnailUrl\":\"https:\\\/\\\/i0.wp.com\\\/josephminster.com\\\/site\\\/wp-content\\\/uploads\\\/2017\\\/04\\\/Bandeau-Lami-denfance.jpg?fit=1408%2C713&ssl=1\",\"datePublished\":\"2017-04-07T17:20:43+00:00\",\"dateModified\":\"2018-09-06T15:03:33+00:00\",\"breadcrumb\":{\"@id\":\"https:\\\/\\\/josephminster.com\\\/site\\\/lami-denfance-projete-cinema-etoile-lilas-jeudi-27-avril-a-20h00\\\/#breadcrumb\"},\"inLanguage\":\"fr-FR\",\"potentialAction\":[{\"@type\":\"ReadAction\",\"target\":[\"https:\\\/\\\/josephminster.com\\\/site\\\/lami-denfance-projete-cinema-etoile-lilas-jeudi-27-avril-a-20h00\\\/\"]}]},{\"@type\":\"ImageObject\",\"inLanguage\":\"fr-FR\",\"@id\":\"https:\\\/\\\/josephminster.com\\\/site\\\/lami-denfance-projete-cinema-etoile-lilas-jeudi-27-avril-a-20h00\\\/#primaryimage\",\"url\":\"https:\\\/\\\/i0.wp.com\\\/josephminster.com\\\/site\\\/wp-content\\\/uploads\\\/2017\\\/04\\\/Bandeau-Lami-denfance.jpg?fit=1408%2C713&ssl=1\",\"contentUrl\":\"https:\\\/\\\/i0.wp.com\\\/josephminster.com\\\/site\\\/wp-content\\\/uploads\\\/2017\\\/04\\\/Bandeau-Lami-denfance.jpg?fit=1408%2C713&ssl=1\",\"width\":1408,\"height\":713},{\"@type\":\"BreadcrumbList\",\"@id\":\"https:\\\/\\\/josephminster.com\\\/site\\\/lami-denfance-projete-cinema-etoile-lilas-jeudi-27-avril-a-20h00\\\/#breadcrumb\",\"itemListElement\":[{\"@type\":\"ListItem\",\"position\":1,\"name\":\"Accueil\",\"item\":\"https:\\\/\\\/josephminster.com\\\/site\\\/\"},{\"@type\":\"ListItem\",\"position\":2,\"name\":\"\u00ab\u00a0L&rsquo;Ami d&rsquo;enfance\u00a0\u00bb projet\u00e9 au cin\u00e9ma \u00c9toile Lilas le jeudi 27 avril\"}]},{\"@type\":\"WebSite\",\"@id\":\"https:\\\/\\\/josephminster.com\\\/site\\\/#website\",\"url\":\"https:\\\/\\\/josephminster.com\\\/site\\\/\",\"name\":\"Joseph Minster\",\"description\":\"Auteur, R\u00e9alisateur\",\"publisher\":{\"@id\":\"https:\\\/\\\/josephminster.com\\\/site\\\/#\\\/schema\\\/person\\\/973155dfa27d618c990ef6dfdc3705c9\"},\"potentialAction\":[{\"@type\":\"SearchAction\",\"target\":{\"@type\":\"EntryPoint\",\"urlTemplate\":\"https:\\\/\\\/josephminster.com\\\/site\\\/?s={search_term_string}\"},\"query-input\":{\"@type\":\"PropertyValueSpecification\",\"valueRequired\":true,\"valueName\":\"search_term_string\"}}],\"inLanguage\":\"fr-FR\"},{\"@type\":[\"Person\",\"Organization\"],\"@id\":\"https:\\\/\\\/josephminster.com\\\/site\\\/#\\\/schema\\\/person\\\/973155dfa27d618c990ef6dfdc3705c9\",\"name\":\"Joseph Minster\",\"image\":{\"@type\":\"ImageObject\",\"inLanguage\":\"fr-FR\",\"@id\":\"https:\\\/\\\/i0.wp.com\\\/josephminster.com\\\/site\\\/wp-content\\\/uploads\\\/2019\\\/11\\\/Joseph_Photo-7.jpg?fit=3360%2C2240&ssl=1\",\"url\":\"https:\\\/\\\/i0.wp.com\\\/josephminster.com\\\/site\\\/wp-content\\\/uploads\\\/2019\\\/11\\\/Joseph_Photo-7.jpg?fit=3360%2C2240&ssl=1\",\"contentUrl\":\"https:\\\/\\\/i0.wp.com\\\/josephminster.com\\\/site\\\/wp-content\\\/uploads\\\/2019\\\/11\\\/Joseph_Photo-7.jpg?fit=3360%2C2240&ssl=1\",\"width\":3360,\"height\":2240,\"caption\":\"Joseph Minster\"},\"logo\":{\"@id\":\"https:\\\/\\\/i0.wp.com\\\/josephminster.com\\\/site\\\/wp-content\\\/uploads\\\/2019\\\/11\\\/Joseph_Photo-7.jpg?fit=3360%2C2240&ssl=1\"},\"url\":\"https:\\\/\\\/josephminster.com\\\/site\\\/author\\\/josephminster\\\/\"}]}<\/script>\n<!-- \/ Yoast SEO plugin. -->","yoast_head_json":{"title":"\"L'Ami d'enfance\" projet\u00e9 au cin\u00e9ma \u00c9toile Lilas le jeudi 27 avril - Joseph Minster","robots":{"index":"index","follow":"follow","max-snippet":"max-snippet:-1","max-image-preview":"max-image-preview:large","max-video-preview":"max-video-preview:-1"},"canonical":"https:\/\/josephminster.com\/site\/lami-denfance-projete-cinema-etoile-lilas-jeudi-27-avril-a-20h00\/","og_locale":"fr_FR","og_type":"article","og_title":"\"L'Ami d'enfance\" projet\u00e9 au cin\u00e9ma \u00c9toile Lilas le jeudi 27 avril - Joseph Minster","og_description":"L&rsquo;Ami d&rsquo;enfance sera projet\u00e9 pour la premi\u00e8re fois au cin\u00e9ma \u00c9toile Lilas, Jeudi 27 avril 2017 \u00e0 20h00 (Place Maquis du Vercors, 75020 Paris). La projection de ce film sera accompagn\u00e9e de celle d&rsquo;un autre court-m\u00e9trage, Grain de poussi\u00e8re, de L\u00e9opold Kraus, puis d&rsquo;un cocktail. R\u00e9servation obligatoire ici.","og_url":"https:\/\/josephminster.com\/site\/lami-denfance-projete-cinema-etoile-lilas-jeudi-27-avril-a-20h00\/","og_site_name":"Joseph Minster","article_published_time":"2017-04-07T17:20:43+00:00","article_modified_time":"2018-09-06T15:03:33+00:00","og_image":[{"width":1408,"height":713,"url":"https:\/\/i1.wp.com\/josephminster.com\/site\/wp-content\/uploads\/2017\/04\/Bandeau-Lami-denfance.jpg?fit=1408%2C713&ssl=1","type":"image\/jpeg"}],"author":"Joseph Minster","twitter_card":"summary_large_image","twitter_misc":{"\u00c9crit par":"Joseph Minster"},"schema":{"@context":"https:\/\/schema.org","@graph":[{"@type":"Article","@id":"https:\/\/josephminster.com\/site\/lami-denfance-projete-cinema-etoile-lilas-jeudi-27-avril-a-20h00\/#article","isPartOf":{"@id":"https:\/\/josephminster.com\/site\/lami-denfance-projete-cinema-etoile-lilas-jeudi-27-avril-a-20h00\/"},"author":{"name":"Joseph Minster","@id":"https:\/\/josephminster.com\/site\/#\/schema\/person\/973155dfa27d618c990ef6dfdc3705c9"},"headline":"\u00ab\u00a0L&rsquo;Ami d&rsquo;enfance\u00a0\u00bb projet\u00e9 au cin\u00e9ma \u00c9toile Lilas le jeudi 27 avril","datePublished":"2017-04-07T17:20:43+00:00","dateModified":"2018-09-06T15:03:33+00:00","mainEntityOfPage":{"@id":"https:\/\/josephminster.com\/site\/lami-denfance-projete-cinema-etoile-lilas-jeudi-27-avril-a-20h00\/"},"wordCount":62,"publisher":{"@id":"https:\/\/josephminster.com\/site\/#\/schema\/person\/973155dfa27d618c990ef6dfdc3705c9"},"image":{"@id":"https:\/\/josephminster.com\/site\/lami-denfance-projete-cinema-etoile-lilas-jeudi-27-avril-a-20h00\/#primaryimage"},"thumbnailUrl":"https:\/\/i0.wp.com\/josephminster.com\/site\/wp-content\/uploads\/2017\/04\/Bandeau-Lami-denfance.jpg?fit=1408%2C713&ssl=1","articleSection":["Nouvelles"],"inLanguage":"fr-FR"},{"@type":"WebPage","@id":"https:\/\/josephminster.com\/site\/lami-denfance-projete-cinema-etoile-lilas-jeudi-27-avril-a-20h00\/","url":"https:\/\/josephminster.com\/site\/lami-denfance-projete-cinema-etoile-lilas-jeudi-27-avril-a-20h00\/","name":"\"L'Ami d'enfance\" projet\u00e9 au cin\u00e9ma \u00c9toile Lilas le jeudi 27 avril - Joseph Minster","isPartOf":{"@id":"https:\/\/josephminster.com\/site\/#website"},"primaryImageOfPage":{"@id":"https:\/\/josephminster.com\/site\/lami-denfance-projete-cinema-etoile-lilas-jeudi-27-avril-a-20h00\/#primaryimage"},"image":{"@id":"https:\/\/josephminster.com\/site\/lami-denfance-projete-cinema-etoile-lilas-jeudi-27-avril-a-20h00\/#primaryimage"},"thumbnailUrl":"https:\/\/i0.wp.com\/josephminster.com\/site\/wp-content\/uploads\/2017\/04\/Bandeau-Lami-denfance.jpg?fit=1408%2C713&ssl=1","datePublished":"2017-04-07T17:20:43+00:00","dateModified":"2018-09-06T15:03:33+00:00","breadcrumb":{"@id":"https:\/\/josephminster.com\/site\/lami-denfance-projete-cinema-etoile-lilas-jeudi-27-avril-a-20h00\/#breadcrumb"},"inLanguage":"fr-FR","potentialAction":[{"@type":"ReadAction","target":["https:\/\/josephminster.com\/site\/lami-denfance-projete-cinema-etoile-lilas-jeudi-27-avril-a-20h00\/"]}]},{"@type":"ImageObject","inLanguage":"fr-FR","@id":"https:\/\/josephminster.com\/site\/lami-denfance-projete-cinema-etoile-lilas-jeudi-27-avril-a-20h00\/#primaryimage","url":"https:\/\/i0.wp.com\/josephminster.com\/site\/wp-content\/uploads\/2017\/04\/Bandeau-Lami-denfance.jpg?fit=1408%2C713&ssl=1","contentUrl":"https:\/\/i0.wp.com\/josephminster.com\/site\/wp-content\/uploads\/2017\/04\/Bandeau-Lami-denfance.jpg?fit=1408%2C713&ssl=1","width":1408,"height":713},{"@type":"BreadcrumbList","@id":"https:\/\/josephminster.com\/site\/lami-denfance-projete-cinema-etoile-lilas-jeudi-27-avril-a-20h00\/#breadcrumb","itemListElement":[{"@type":"ListItem","position":1,"name":"Accueil","item":"https:\/\/josephminster.com\/site\/"},{"@type":"ListItem","position":2,"name":"\u00ab\u00a0L&rsquo;Ami d&rsquo;enfance\u00a0\u00bb projet\u00e9 au cin\u00e9ma \u00c9toile Lilas le jeudi 27 avril"}]},{"@type":"WebSite","@id":"https:\/\/josephminster.com\/site\/#website","url":"https:\/\/josephminster.com\/site\/","name":"Joseph Minster","description":"Auteur, R\u00e9alisateur","publisher":{"@id":"https:\/\/josephminster.com\/site\/#\/schema\/person\/973155dfa27d618c990ef6dfdc3705c9"},"potentialAction":[{"@type":"SearchAction","target":{"@type":"EntryPoint","urlTemplate":"https:\/\/josephminster.com\/site\/?s={search_term_string}"},"query-input":{"@type":"PropertyValueSpecification","valueRequired":true,"valueName":"search_term_string"}}],"inLanguage":"fr-FR"},{"@type":["Person","Organization"],"@id":"https:\/\/josephminster.com\/site\/#\/schema\/person\/973155dfa27d618c990ef6dfdc3705c9","name":"Joseph Minster","image":{"@type":"ImageObject","inLanguage":"fr-FR","@id":"https:\/\/i0.wp.com\/josephminster.com\/site\/wp-content\/uploads\/2019\/11\/Joseph_Photo-7.jpg?fit=3360%2C2240&ssl=1","url":"https:\/\/i0.wp.com\/josephminster.com\/site\/wp-content\/uploads\/2019\/11\/Joseph_Photo-7.jpg?fit=3360%2C2240&ssl=1","contentUrl":"https:\/\/i0.wp.com\/josephminster.com\/site\/wp-content\/uploads\/2019\/11\/Joseph_Photo-7.jpg?fit=3360%2C2240&ssl=1","width":3360,"height":2240,"caption":"Joseph Minster"},"logo":{"@id":"https:\/\/i0.wp.com\/josephminster.com\/site\/wp-content\/uploads\/2019\/11\/Joseph_Photo-7.jpg?fit=3360%2C2240&ssl=1"},"url":"https:\/\/josephminster.com\/site\/author\/josephminster\/"}]}},"jetpack_publicize_connections":[],"jetpack_featured_media_url":"https:\/\/i0.wp.com\/josephminster.com\/site\/wp-content\/uploads\/2017\/04\/Bandeau-Lami-denfance.jpg?fit=1408%2C713&ssl=1","jetpack_sharing_enabled":true,"jetpack_shortlink":"https:\/\/wp.me\/p78IKp-e9","_links":{"self":[{"href":"https:\/\/josephminster.com\/site\/wp-json\/wp\/v2\/posts\/877","targetHints":{"allow":["GET"]}}],"collection":[{"href":"https:\/\/josephminster.com\/site\/wp-json\/wp\/v2\/posts"}],"about":[{"href":"https:\/\/josephminster.com\/site\/wp-json\/wp\/v2\/types\/post"}],"author":[{"embeddable":true,"href":"https:\/\/josephminster.com\/site\/wp-json\/wp\/v2\/users\/1"}],"replies":[{"embeddable":true,"href":"https:\/\/josephminster.com\/site\/wp-json\/wp\/v2\/comments?post=877"}],"version-history":[{"count":24,"href":"https:\/\/josephminster.com\/site\/wp-json\/wp\/v2\/posts\/877\/revisions"}],"predecessor-version":[{"id":1160,"href":"https:\/\/josephminster.com\/site\/wp-json\/wp\/v2\/posts\/877\/revisions\/1160"}],"wp:featuredmedia":[{"embeddable":true,"href":"https:\/\/josephminster.com\/site\/wp-json\/wp\/v2\/media\/880"}],"wp:attachment":[{"href":"https:\/\/josephminster.com\/site\/wp-json\/wp\/v2\/media?parent=877"}],"wp:term":[{"taxonomy":"category","embeddable":true,"href":"https:\/\/josephminster.com\/site\/wp-json\/wp\/v2\/categories?post=877"},{"taxonomy":"post_tag","embeddable":true,"href":"https:\/\/josephminster.com\/site\/wp-json\/wp\/v2\/tags?post=877"}],"curies":[{"name":"wp","href":"https:\/\/api.w.org\/{rel}","templated":true}]}}