{"id":1724,"date":"2022-08-20T17:14:02","date_gmt":"2022-08-20T16:14:02","guid":{"rendered":"https:\/\/josephminster.com\/site\/?p=1724"},"modified":"2022-08-29T17:15:54","modified_gmt":"2022-08-29T16:15:54","slug":"et-de-lherbe-et-des-fleurs-et-de-leau-projete-a-ya-pas-la-mer-le-mercredi-24-aout","status":"publish","type":"post","link":"https:\/\/josephminster.com\/site\/et-de-lherbe-et-des-fleurs-et-de-leau-projete-a-ya-pas-la-mer-le-mercredi-24-aout\/","title":{"rendered":"\u00ab\u00a0Et de l&rsquo;herbe, et des fleurs, et de l&rsquo;eau\u00a0\u00bb projet\u00e9 \u00e0 Y&rsquo;a pas la mer le mercredi 24 ao\u00fbt"},"content":{"rendered":"<p style=\"text-align: justify;\"><a href=\"https:\/\/josephminster.com\/site\/et-de-lherbe-et-des-fleurs-et-de-leau\/\"><em>Et de l\u2019herbe, et des fleurs et de l\u2019eau<\/em><\/a> sera projet\u00e9 en plein air \u00e0 Montmort le <strong>mercredi 24 ao\u00fbt 2022<\/strong> \u00e0 <strong>21h00<\/strong>, dans le cadre du festival de th\u00e9\u00e2tre <a href=\"https:\/\/festivalyapaslamer.com\/\">Y&rsquo;a pas la mer<\/a>.<\/p>\n<p style=\"text-align: justify;\">La projection de ce film sera accompagn\u00e9e de celle de deux autres courts-m\u00e9trages, <em>Un gros poisson<\/em>, de Yann Delattre, et <em>Horchant<\/em>, de Cl\u00e9ment Durand.<\/p>","protected":false},"excerpt":{"rendered":"<p>Et de l\u2019herbe, et des fleurs et de l\u2019eau sera projet\u00e9 en plein air \u00e0 Montmort le mercredi 24 ao\u00fbt 2022 \u00e0 21h00, dans le cadre du festival de th\u00e9\u00e2tre Y&rsquo;a pas la mer. La projection de ce film sera accompagn\u00e9e de celle de deux autres courts-m\u00e9trages, Un gros poisson, de Yann Delattre, et Horchant, [&hellip;]<\/p>","protected":false},"author":1,"featured_media":1727,"comment_status":"closed","ping_status":"closed","sticky":false,"template":"","format":"standard","meta":{"_jetpack_memberships_contains_paid_content":false,"footnotes":"","jetpack_publicize_message":"","jetpack_publicize_feature_enabled":true,"jetpack_social_post_already_shared":true,"jetpack_social_options":{"image_generator_settings":{"template":"highway","default_image_id":0,"font":"","enabled":false},"version":2}},"categories":[3],"tags":[],"class_list":["post-1724","post","type-post","status-publish","format-standard","has-post-thumbnail","hentry","category-actualite"],"yoast_head":"<!-- This site is optimized with the Yoast SEO plugin v27.5 - https:\/\/yoast.com\/product\/yoast-seo-wordpress\/ -->\n<title>&quot;Et de l&#039;herbe, et des fleurs, et de l&#039;eau&quot; projet\u00e9 \u00e0 Y&#039;a pas la mer le mercredi 24 ao\u00fbt - Joseph Minster<\/title>\n<meta name=\"robots\" content=\"index, follow, max-snippet:-1, max-image-preview:large, max-video-preview:-1\" \/>\n<link rel=\"canonical\" href=\"https:\/\/josephminster.com\/site\/et-de-lherbe-et-des-fleurs-et-de-leau-projete-a-ya-pas-la-mer-le-mercredi-24-aout\/\" \/>\n<meta property=\"og:locale\" content=\"fr_FR\" \/>\n<meta property=\"og:type\" content=\"article\" \/>\n<meta property=\"og:title\" content=\"&quot;Et de l&#039;herbe, et des fleurs, et de l&#039;eau&quot; projet\u00e9 \u00e0 Y&#039;a pas la mer le mercredi 24 ao\u00fbt - Joseph Minster\" \/>\n<meta property=\"og:description\" content=\"Et de l\u2019herbe, et des fleurs et de l\u2019eau sera projet\u00e9 en plein air \u00e0 Montmort le mercredi 24 ao\u00fbt 2022 \u00e0 21h00, dans le cadre du festival de th\u00e9\u00e2tre Y&rsquo;a pas la mer. La projection de ce film sera accompagn\u00e9e de celle de deux autres courts-m\u00e9trages, Un gros poisson, de Yann Delattre, et Horchant, [&hellip;]\" \/>\n<meta property=\"og:url\" content=\"https:\/\/josephminster.com\/site\/et-de-lherbe-et-des-fleurs-et-de-leau-projete-a-ya-pas-la-mer-le-mercredi-24-aout\/\" \/>\n<meta property=\"og:site_name\" content=\"Joseph Minster\" \/>\n<meta property=\"article:published_time\" content=\"2022-08-20T16:14:02+00:00\" \/>\n<meta property=\"article:modified_time\" content=\"2022-08-29T16:15:54+00:00\" \/>\n<meta property=\"og:image\" content=\"https:\/\/josephminster.com\/site\/wp-content\/uploads\/2022\/08\/E\u0301cran-Ya-pas-la-mer.jpeg\" \/>\n\t<meta property=\"og:image:width\" content=\"1600\" \/>\n\t<meta property=\"og:image:height\" content=\"1025\" \/>\n\t<meta property=\"og:image:type\" content=\"image\/jpeg\" \/>\n<meta name=\"author\" content=\"Joseph Minster\" \/>\n<meta name=\"twitter:card\" content=\"summary_large_image\" \/>\n<meta name=\"twitter:label1\" content=\"\u00c9crit par\" \/>\n\t<meta name=\"twitter:data1\" content=\"Joseph Minster\" \/>\n<script type=\"application\/ld+json\" class=\"yoast-schema-graph\">{\"@context\":\"https:\\\/\\\/schema.org\",\"@graph\":[{\"@type\":\"Article\",\"@id\":\"https:\\\/\\\/josephminster.com\\\/site\\\/et-de-lherbe-et-des-fleurs-et-de-leau-projete-a-ya-pas-la-mer-le-mercredi-24-aout\\\/#article\",\"isPartOf\":{\"@id\":\"https:\\\/\\\/josephminster.com\\\/site\\\/et-de-lherbe-et-des-fleurs-et-de-leau-projete-a-ya-pas-la-mer-le-mercredi-24-aout\\\/\"},\"author\":{\"name\":\"Joseph Minster\",\"@id\":\"https:\\\/\\\/josephminster.com\\\/site\\\/#\\\/schema\\\/person\\\/973155dfa27d618c990ef6dfdc3705c9\"},\"headline\":\"\u00ab\u00a0Et de l&rsquo;herbe, et des fleurs, et de l&rsquo;eau\u00a0\u00bb projet\u00e9 \u00e0 Y&rsquo;a pas la mer le mercredi 24 ao\u00fbt\",\"datePublished\":\"2022-08-20T16:14:02+00:00\",\"dateModified\":\"2022-08-29T16:15:54+00:00\",\"mainEntityOfPage\":{\"@id\":\"https:\\\/\\\/josephminster.com\\\/site\\\/et-de-lherbe-et-des-fleurs-et-de-leau-projete-a-ya-pas-la-mer-le-mercredi-24-aout\\\/\"},\"wordCount\":79,\"publisher\":{\"@id\":\"https:\\\/\\\/josephminster.com\\\/site\\\/#\\\/schema\\\/person\\\/973155dfa27d618c990ef6dfdc3705c9\"},\"image\":{\"@id\":\"https:\\\/\\\/josephminster.com\\\/site\\\/et-de-lherbe-et-des-fleurs-et-de-leau-projete-a-ya-pas-la-mer-le-mercredi-24-aout\\\/#primaryimage\"},\"thumbnailUrl\":\"https:\\\/\\\/i0.wp.com\\\/josephminster.com\\\/site\\\/wp-content\\\/uploads\\\/2022\\\/08\\\/E%CC%81cran-Ya-pas-la-mer.jpeg?fit=1600%2C1025&ssl=1\",\"articleSection\":[\"Nouvelles\"],\"inLanguage\":\"fr-FR\"},{\"@type\":\"WebPage\",\"@id\":\"https:\\\/\\\/josephminster.com\\\/site\\\/et-de-lherbe-et-des-fleurs-et-de-leau-projete-a-ya-pas-la-mer-le-mercredi-24-aout\\\/\",\"url\":\"https:\\\/\\\/josephminster.com\\\/site\\\/et-de-lherbe-et-des-fleurs-et-de-leau-projete-a-ya-pas-la-mer-le-mercredi-24-aout\\\/\",\"name\":\"\\\"Et de l'herbe, et des fleurs, et de l'eau\\\" projet\u00e9 \u00e0 Y'a pas la mer le mercredi 24 ao\u00fbt - Joseph Minster\",\"isPartOf\":{\"@id\":\"https:\\\/\\\/josephminster.com\\\/site\\\/#website\"},\"primaryImageOfPage\":{\"@id\":\"https:\\\/\\\/josephminster.com\\\/site\\\/et-de-lherbe-et-des-fleurs-et-de-leau-projete-a-ya-pas-la-mer-le-mercredi-24-aout\\\/#primaryimage\"},\"image\":{\"@id\":\"https:\\\/\\\/josephminster.com\\\/site\\\/et-de-lherbe-et-des-fleurs-et-de-leau-projete-a-ya-pas-la-mer-le-mercredi-24-aout\\\/#primaryimage\"},\"thumbnailUrl\":\"https:\\\/\\\/i0.wp.com\\\/josephminster.com\\\/site\\\/wp-content\\\/uploads\\\/2022\\\/08\\\/E%CC%81cran-Ya-pas-la-mer.jpeg?fit=1600%2C1025&ssl=1\",\"datePublished\":\"2022-08-20T16:14:02+00:00\",\"dateModified\":\"2022-08-29T16:15:54+00:00\",\"breadcrumb\":{\"@id\":\"https:\\\/\\\/josephminster.com\\\/site\\\/et-de-lherbe-et-des-fleurs-et-de-leau-projete-a-ya-pas-la-mer-le-mercredi-24-aout\\\/#breadcrumb\"},\"inLanguage\":\"fr-FR\",\"potentialAction\":[{\"@type\":\"ReadAction\",\"target\":[\"https:\\\/\\\/josephminster.com\\\/site\\\/et-de-lherbe-et-des-fleurs-et-de-leau-projete-a-ya-pas-la-mer-le-mercredi-24-aout\\\/\"]}]},{\"@type\":\"ImageObject\",\"inLanguage\":\"fr-FR\",\"@id\":\"https:\\\/\\\/josephminster.com\\\/site\\\/et-de-lherbe-et-des-fleurs-et-de-leau-projete-a-ya-pas-la-mer-le-mercredi-24-aout\\\/#primaryimage\",\"url\":\"https:\\\/\\\/i0.wp.com\\\/josephminster.com\\\/site\\\/wp-content\\\/uploads\\\/2022\\\/08\\\/E%CC%81cran-Ya-pas-la-mer.jpeg?fit=1600%2C1025&ssl=1\",\"contentUrl\":\"https:\\\/\\\/i0.wp.com\\\/josephminster.com\\\/site\\\/wp-content\\\/uploads\\\/2022\\\/08\\\/E%CC%81cran-Ya-pas-la-mer.jpeg?fit=1600%2C1025&ssl=1\",\"width\":1600,\"height\":1025},{\"@type\":\"BreadcrumbList\",\"@id\":\"https:\\\/\\\/josephminster.com\\\/site\\\/et-de-lherbe-et-des-fleurs-et-de-leau-projete-a-ya-pas-la-mer-le-mercredi-24-aout\\\/#breadcrumb\",\"itemListElement\":[{\"@type\":\"ListItem\",\"position\":1,\"name\":\"Accueil\",\"item\":\"https:\\\/\\\/josephminster.com\\\/site\\\/\"},{\"@type\":\"ListItem\",\"position\":2,\"name\":\"\u00ab\u00a0Et de l&rsquo;herbe, et des fleurs, et de l&rsquo;eau\u00a0\u00bb projet\u00e9 \u00e0 Y&rsquo;a pas la mer le mercredi 24 ao\u00fbt\"}]},{\"@type\":\"WebSite\",\"@id\":\"https:\\\/\\\/josephminster.com\\\/site\\\/#website\",\"url\":\"https:\\\/\\\/josephminster.com\\\/site\\\/\",\"name\":\"Joseph Minster\",\"description\":\"Auteur, R\u00e9alisateur\",\"publisher\":{\"@id\":\"https:\\\/\\\/josephminster.com\\\/site\\\/#\\\/schema\\\/person\\\/973155dfa27d618c990ef6dfdc3705c9\"},\"potentialAction\":[{\"@type\":\"SearchAction\",\"target\":{\"@type\":\"EntryPoint\",\"urlTemplate\":\"https:\\\/\\\/josephminster.com\\\/site\\\/?s={search_term_string}\"},\"query-input\":{\"@type\":\"PropertyValueSpecification\",\"valueRequired\":true,\"valueName\":\"search_term_string\"}}],\"inLanguage\":\"fr-FR\"},{\"@type\":[\"Person\",\"Organization\"],\"@id\":\"https:\\\/\\\/josephminster.com\\\/site\\\/#\\\/schema\\\/person\\\/973155dfa27d618c990ef6dfdc3705c9\",\"name\":\"Joseph Minster\",\"image\":{\"@type\":\"ImageObject\",\"inLanguage\":\"fr-FR\",\"@id\":\"https:\\\/\\\/i0.wp.com\\\/josephminster.com\\\/site\\\/wp-content\\\/uploads\\\/2019\\\/11\\\/Joseph_Photo-7.jpg?fit=3360%2C2240&ssl=1\",\"url\":\"https:\\\/\\\/i0.wp.com\\\/josephminster.com\\\/site\\\/wp-content\\\/uploads\\\/2019\\\/11\\\/Joseph_Photo-7.jpg?fit=3360%2C2240&ssl=1\",\"contentUrl\":\"https:\\\/\\\/i0.wp.com\\\/josephminster.com\\\/site\\\/wp-content\\\/uploads\\\/2019\\\/11\\\/Joseph_Photo-7.jpg?fit=3360%2C2240&ssl=1\",\"width\":3360,\"height\":2240,\"caption\":\"Joseph Minster\"},\"logo\":{\"@id\":\"https:\\\/\\\/i0.wp.com\\\/josephminster.com\\\/site\\\/wp-content\\\/uploads\\\/2019\\\/11\\\/Joseph_Photo-7.jpg?fit=3360%2C2240&ssl=1\"},\"url\":\"https:\\\/\\\/josephminster.com\\\/site\\\/author\\\/josephminster\\\/\"}]}<\/script>\n<!-- \/ Yoast SEO plugin. -->","yoast_head_json":{"title":"\"Et de l'herbe, et des fleurs, et de l'eau\" projet\u00e9 \u00e0 Y'a pas la mer le mercredi 24 ao\u00fbt - Joseph Minster","robots":{"index":"index","follow":"follow","max-snippet":"max-snippet:-1","max-image-preview":"max-image-preview:large","max-video-preview":"max-video-preview:-1"},"canonical":"https:\/\/josephminster.com\/site\/et-de-lherbe-et-des-fleurs-et-de-leau-projete-a-ya-pas-la-mer-le-mercredi-24-aout\/","og_locale":"fr_FR","og_type":"article","og_title":"\"Et de l'herbe, et des fleurs, et de l'eau\" projet\u00e9 \u00e0 Y'a pas la mer le mercredi 24 ao\u00fbt - Joseph Minster","og_description":"Et de l\u2019herbe, et des fleurs et de l\u2019eau sera projet\u00e9 en plein air \u00e0 Montmort le mercredi 24 ao\u00fbt 2022 \u00e0 21h00, dans le cadre du festival de th\u00e9\u00e2tre Y&rsquo;a pas la mer. La projection de ce film sera accompagn\u00e9e de celle de deux autres courts-m\u00e9trages, Un gros poisson, de Yann Delattre, et Horchant, [&hellip;]","og_url":"https:\/\/josephminster.com\/site\/et-de-lherbe-et-des-fleurs-et-de-leau-projete-a-ya-pas-la-mer-le-mercredi-24-aout\/","og_site_name":"Joseph Minster","article_published_time":"2022-08-20T16:14:02+00:00","article_modified_time":"2022-08-29T16:15:54+00:00","og_image":[{"width":1600,"height":1025,"url":"https:\/\/josephminster.com\/site\/wp-content\/uploads\/2022\/08\/E\u0301cran-Ya-pas-la-mer.jpeg","type":"image\/jpeg"}],"author":"Joseph Minster","twitter_card":"summary_large_image","twitter_misc":{"\u00c9crit par":"Joseph Minster"},"schema":{"@context":"https:\/\/schema.org","@graph":[{"@type":"Article","@id":"https:\/\/josephminster.com\/site\/et-de-lherbe-et-des-fleurs-et-de-leau-projete-a-ya-pas-la-mer-le-mercredi-24-aout\/#article","isPartOf":{"@id":"https:\/\/josephminster.com\/site\/et-de-lherbe-et-des-fleurs-et-de-leau-projete-a-ya-pas-la-mer-le-mercredi-24-aout\/"},"author":{"name":"Joseph Minster","@id":"https:\/\/josephminster.com\/site\/#\/schema\/person\/973155dfa27d618c990ef6dfdc3705c9"},"headline":"\u00ab\u00a0Et de l&rsquo;herbe, et des fleurs, et de l&rsquo;eau\u00a0\u00bb projet\u00e9 \u00e0 Y&rsquo;a pas la mer le mercredi 24 ao\u00fbt","datePublished":"2022-08-20T16:14:02+00:00","dateModified":"2022-08-29T16:15:54+00:00","mainEntityOfPage":{"@id":"https:\/\/josephminster.com\/site\/et-de-lherbe-et-des-fleurs-et-de-leau-projete-a-ya-pas-la-mer-le-mercredi-24-aout\/"},"wordCount":79,"publisher":{"@id":"https:\/\/josephminster.com\/site\/#\/schema\/person\/973155dfa27d618c990ef6dfdc3705c9"},"image":{"@id":"https:\/\/josephminster.com\/site\/et-de-lherbe-et-des-fleurs-et-de-leau-projete-a-ya-pas-la-mer-le-mercredi-24-aout\/#primaryimage"},"thumbnailUrl":"https:\/\/i0.wp.com\/josephminster.com\/site\/wp-content\/uploads\/2022\/08\/E%CC%81cran-Ya-pas-la-mer.jpeg?fit=1600%2C1025&ssl=1","articleSection":["Nouvelles"],"inLanguage":"fr-FR"},{"@type":"WebPage","@id":"https:\/\/josephminster.com\/site\/et-de-lherbe-et-des-fleurs-et-de-leau-projete-a-ya-pas-la-mer-le-mercredi-24-aout\/","url":"https:\/\/josephminster.com\/site\/et-de-lherbe-et-des-fleurs-et-de-leau-projete-a-ya-pas-la-mer-le-mercredi-24-aout\/","name":"\"Et de l'herbe, et des fleurs, et de l'eau\" projet\u00e9 \u00e0 Y'a pas la mer le mercredi 24 ao\u00fbt - Joseph Minster","isPartOf":{"@id":"https:\/\/josephminster.com\/site\/#website"},"primaryImageOfPage":{"@id":"https:\/\/josephminster.com\/site\/et-de-lherbe-et-des-fleurs-et-de-leau-projete-a-ya-pas-la-mer-le-mercredi-24-aout\/#primaryimage"},"image":{"@id":"https:\/\/josephminster.com\/site\/et-de-lherbe-et-des-fleurs-et-de-leau-projete-a-ya-pas-la-mer-le-mercredi-24-aout\/#primaryimage"},"thumbnailUrl":"https:\/\/i0.wp.com\/josephminster.com\/site\/wp-content\/uploads\/2022\/08\/E%CC%81cran-Ya-pas-la-mer.jpeg?fit=1600%2C1025&ssl=1","datePublished":"2022-08-20T16:14:02+00:00","dateModified":"2022-08-29T16:15:54+00:00","breadcrumb":{"@id":"https:\/\/josephminster.com\/site\/et-de-lherbe-et-des-fleurs-et-de-leau-projete-a-ya-pas-la-mer-le-mercredi-24-aout\/#breadcrumb"},"inLanguage":"fr-FR","potentialAction":[{"@type":"ReadAction","target":["https:\/\/josephminster.com\/site\/et-de-lherbe-et-des-fleurs-et-de-leau-projete-a-ya-pas-la-mer-le-mercredi-24-aout\/"]}]},{"@type":"ImageObject","inLanguage":"fr-FR","@id":"https:\/\/josephminster.com\/site\/et-de-lherbe-et-des-fleurs-et-de-leau-projete-a-ya-pas-la-mer-le-mercredi-24-aout\/#primaryimage","url":"https:\/\/i0.wp.com\/josephminster.com\/site\/wp-content\/uploads\/2022\/08\/E%CC%81cran-Ya-pas-la-mer.jpeg?fit=1600%2C1025&ssl=1","contentUrl":"https:\/\/i0.wp.com\/josephminster.com\/site\/wp-content\/uploads\/2022\/08\/E%CC%81cran-Ya-pas-la-mer.jpeg?fit=1600%2C1025&ssl=1","width":1600,"height":1025},{"@type":"BreadcrumbList","@id":"https:\/\/josephminster.com\/site\/et-de-lherbe-et-des-fleurs-et-de-leau-projete-a-ya-pas-la-mer-le-mercredi-24-aout\/#breadcrumb","itemListElement":[{"@type":"ListItem","position":1,"name":"Accueil","item":"https:\/\/josephminster.com\/site\/"},{"@type":"ListItem","position":2,"name":"\u00ab\u00a0Et de l&rsquo;herbe, et des fleurs, et de l&rsquo;eau\u00a0\u00bb projet\u00e9 \u00e0 Y&rsquo;a pas la mer le mercredi 24 ao\u00fbt"}]},{"@type":"WebSite","@id":"https:\/\/josephminster.com\/site\/#website","url":"https:\/\/josephminster.com\/site\/","name":"Joseph Minster","description":"Auteur, R\u00e9alisateur","publisher":{"@id":"https:\/\/josephminster.com\/site\/#\/schema\/person\/973155dfa27d618c990ef6dfdc3705c9"},"potentialAction":[{"@type":"SearchAction","target":{"@type":"EntryPoint","urlTemplate":"https:\/\/josephminster.com\/site\/?s={search_term_string}"},"query-input":{"@type":"PropertyValueSpecification","valueRequired":true,"valueName":"search_term_string"}}],"inLanguage":"fr-FR"},{"@type":["Person","Organization"],"@id":"https:\/\/josephminster.com\/site\/#\/schema\/person\/973155dfa27d618c990ef6dfdc3705c9","name":"Joseph Minster","image":{"@type":"ImageObject","inLanguage":"fr-FR","@id":"https:\/\/i0.wp.com\/josephminster.com\/site\/wp-content\/uploads\/2019\/11\/Joseph_Photo-7.jpg?fit=3360%2C2240&ssl=1","url":"https:\/\/i0.wp.com\/josephminster.com\/site\/wp-content\/uploads\/2019\/11\/Joseph_Photo-7.jpg?fit=3360%2C2240&ssl=1","contentUrl":"https:\/\/i0.wp.com\/josephminster.com\/site\/wp-content\/uploads\/2019\/11\/Joseph_Photo-7.jpg?fit=3360%2C2240&ssl=1","width":3360,"height":2240,"caption":"Joseph Minster"},"logo":{"@id":"https:\/\/i0.wp.com\/josephminster.com\/site\/wp-content\/uploads\/2019\/11\/Joseph_Photo-7.jpg?fit=3360%2C2240&ssl=1"},"url":"https:\/\/josephminster.com\/site\/author\/josephminster\/"}]}},"jetpack_publicize_connections":[],"jetpack_featured_media_url":"https:\/\/i0.wp.com\/josephminster.com\/site\/wp-content\/uploads\/2022\/08\/E%CC%81cran-Ya-pas-la-mer.jpeg?fit=1600%2C1025&ssl=1","jetpack_sharing_enabled":true,"jetpack_shortlink":"https:\/\/wp.me\/p78IKp-rO","_links":{"self":[{"href":"https:\/\/josephminster.com\/site\/wp-json\/wp\/v2\/posts\/1724","targetHints":{"allow":["GET"]}}],"collection":[{"href":"https:\/\/josephminster.com\/site\/wp-json\/wp\/v2\/posts"}],"about":[{"href":"https:\/\/josephminster.com\/site\/wp-json\/wp\/v2\/types\/post"}],"author":[{"embeddable":true,"href":"https:\/\/josephminster.com\/site\/wp-json\/wp\/v2\/users\/1"}],"replies":[{"embeddable":true,"href":"https:\/\/josephminster.com\/site\/wp-json\/wp\/v2\/comments?post=1724"}],"version-history":[{"count":2,"href":"https:\/\/josephminster.com\/site\/wp-json\/wp\/v2\/posts\/1724\/revisions"}],"predecessor-version":[{"id":1728,"href":"https:\/\/josephminster.com\/site\/wp-json\/wp\/v2\/posts\/1724\/revisions\/1728"}],"wp:featuredmedia":[{"embeddable":true,"href":"https:\/\/josephminster.com\/site\/wp-json\/wp\/v2\/media\/1727"}],"wp:attachment":[{"href":"https:\/\/josephminster.com\/site\/wp-json\/wp\/v2\/media?parent=1724"}],"wp:term":[{"taxonomy":"category","embeddable":true,"href":"https:\/\/josephminster.com\/site\/wp-json\/wp\/v2\/categories?post=1724"},{"taxonomy":"post_tag","embeddable":true,"href":"https:\/\/josephminster.com\/site\/wp-json\/wp\/v2\/tags?post=1724"}],"curies":[{"name":"wp","href":"https:\/\/api.w.org\/{rel}","templated":true}]}}